{"id":5489,"date":"2019-07-03T13:56:26","date_gmt":"2019-07-03T13:56:26","guid":{"rendered":"https:\/\/www.stevecosterfitness.com\/?p=5489"},"modified":"2023-09-11T12:41:03","modified_gmt":"2023-09-11T12:41:03","slug":"krav-maga-summer-seminar-2019","status":"publish","type":"post","link":"https:\/\/www.stevecosterfitness.com\/fi\/2019\/07\/03\/krav-maga-summer-seminar-2019\/","title":{"rendered":"Krav Magan kes\u00e4seminaari 2019"},"content":{"rendered":"<p>Lauantaina 15. kes\u00e4kuuta j\u00e4rjestimme toisen vuotuisen Krav Maga -kes\u00e4seminaarin.  Tapahtuma j\u00e4rjestettiin La Caletan T3:ssa, josta on tullut kaikkien eri urheilulajien ammattilaisjoukkueiden talviharjoittelupaikka. Tapahtumaa varten k\u00e4ytettiin suurta telttaa, ja se oli tyypillinen l\u00e4mmin ja aurinkoinen Teneriffan p\u00e4iv\u00e4.<\/p>\n\n\n\n<h3 class=\"wp-block-heading\">Multi Style seminaari<\/h3>\n\n\n\n<p>T\u00e4n\u00e4 vuonna olimme p\u00e4\u00e4tt\u00e4neet luoda koulutustapahtuman, joka oli edellisvuotta suurempi ja parempi.  Siksi kutsuimme 10 kansainv\u00e4list\u00e4 kamppailulajien ohjaajaa eri tyyleist\u00e4 ja lajeista.  Pyysimme heit\u00e4 osallistumaan Kanariansaarten ensimm\u00e4iseen aitoon Multi Style -itsepuolustusseminaariin.<\/p>\n\n\n\n<h3 class=\"wp-block-heading\">Kamppailulajit ja itsepuolustusj\u00e4rjestelm\u00e4t<\/h3>\n\n\n\n<p>150 opiskelijaa lensi kaikkialta Euroopasta osallistuakseen t\u00e4lle intensiiviselle harjoituskurssille, joka alkoi klo 10 aamulla ja p\u00e4\u00e4ttyi klo 18:30.  Ohjaajat koostuivat Krav Magan \/ Kapapin \/ Brasilialaisen Jiu Jitsun \/ Muay Thain \/ MMA:n \/ Shoot Fightingin ja Kyokushinin parhaimmistosta.  Kaikki ohjaajat olivat mukauttaneet tekniikkansa niin, ett\u00e4 ne soveltuvat nimenomaan katuhy\u00f6kk\u00e4yksiin eiv\u00e4tk\u00e4 niink\u00e4\u00e4n kilpailuun. <\/p>\n\n\n\n<figure class=\"wp-block-image\"><img decoding=\"async\" width=\"1024\" height=\"683\" src=\"https:\/\/www.stevecosterfitness.com\/wp-content\/uploads\/2019\/06\/43355c82-176c-48c6-83a9-fbf37dd4055b-1-1024x683.jpg\" alt=\"Krav Maga Seminar\" class=\"wp-image-5262\" srcset=\"https:\/\/www.stevecosterfitness.com\/wp-content\/uploads\/2019\/06\/43355c82-176c-48c6-83a9-fbf37dd4055b-1-1024x683.jpg 1024w, https:\/\/www.stevecosterfitness.com\/wp-content\/uploads\/2019\/06\/43355c82-176c-48c6-83a9-fbf37dd4055b-1-300x200.jpg 300w, https:\/\/www.stevecosterfitness.com\/wp-content\/uploads\/2019\/06\/43355c82-176c-48c6-83a9-fbf37dd4055b-1-768x512.jpg 768w, https:\/\/www.stevecosterfitness.com\/wp-content\/uploads\/2019\/06\/43355c82-176c-48c6-83a9-fbf37dd4055b-1-600x400.jpg 600w, https:\/\/www.stevecosterfitness.com\/wp-content\/uploads\/2019\/06\/43355c82-176c-48c6-83a9-fbf37dd4055b-1.jpg 1599w\" sizes=\"(max-width: 1024px) 100vw, 1024px\" \/><\/figure>\n\n\n\n<p>Kaikki tekniikat tehtiin todellisessa t\u00e4yskontaktissa, jotta opiskelijat voisivat todella tuntea, kuinka voimakas ja tehokas kukin tekniikka on.  T\u00e4m\u00e4 on erityisen t\u00e4rke\u00e4\u00e4, kun otetaan huomioon, ett\u00e4 monet opiskelijoista olivat poliiseja, sotilaita tai turvallisuushenkil\u00f6it\u00e4.  N\u00e4iden ihmisten on sovellettava n\u00e4it\u00e4 k\u00e4sitteit\u00e4 tosiel\u00e4m\u00e4n skenaariossa, olipa kyseess\u00e4 sitten tavallinen katuhy\u00f6kk\u00e4ys tai \u00e4\u00e4rimm\u00e4isen v\u00e4kivaltainen terrori-isku.<\/p>\n\n\n\n<p>Aloitimme seminaarin Krav Magaan perustuvilla hy\u00f6kk\u00e4yksill\u00e4, joissa Martin Luna ja min\u00e4 k\u00e4sittelimme kuristuksia ja tarttumisia.  Konseptimme n\u00e4iss\u00e4 tilanteissa on tehd\u00e4 mahdollisimman paljon vahinkoa mahdollisimman lyhyess\u00e4 ajassa ja mahdollisimman pienell\u00e4 riskill\u00e4.  V\u00e4kivaltaisessa hy\u00f6kk\u00e4yksess\u00e4 ei ole s\u00e4\u00e4nt\u00f6j\u00e4, ja paras mahdollisuus selviyty\u00e4 on olla v\u00e4kivaltaisempi kuin hy\u00f6kk\u00e4\u00e4j\u00e4.  Ensisijaiset kohteet ovat nivuset, silm\u00e4t tai kurkun alue.<\/p>\n\n\n\n<figure class=\"wp-block-image\"><img decoding=\"async\" width=\"1024\" height=\"683\" src=\"https:\/\/www.stevecosterfitness.com\/wp-content\/uploads\/2019\/06\/9ae64bb5-9e03-4778-83c1-ddaf0ac2e656-1-1024x683.jpg\" alt=\"Krav Maga Seminar\" class=\"wp-image-5414\" srcset=\"https:\/\/www.stevecosterfitness.com\/wp-content\/uploads\/2019\/06\/9ae64bb5-9e03-4778-83c1-ddaf0ac2e656-1-1024x683.jpg 1024w, https:\/\/www.stevecosterfitness.com\/wp-content\/uploads\/2019\/06\/9ae64bb5-9e03-4778-83c1-ddaf0ac2e656-1-300x200.jpg 300w, https:\/\/www.stevecosterfitness.com\/wp-content\/uploads\/2019\/06\/9ae64bb5-9e03-4778-83c1-ddaf0ac2e656-1-768x512.jpg 768w, https:\/\/www.stevecosterfitness.com\/wp-content\/uploads\/2019\/06\/9ae64bb5-9e03-4778-83c1-ddaf0ac2e656-1-600x400.jpg 600w, https:\/\/www.stevecosterfitness.com\/wp-content\/uploads\/2019\/06\/9ae64bb5-9e03-4778-83c1-ddaf0ac2e656-1.jpg 1599w\" sizes=\"(max-width: 1024px) 100vw, 1024px\" \/><\/figure>\n\n\n\n<p>Seminaarin p\u00e4\u00e4tteeksi paikallinen brasilialaisjoukkue esitteli capoeiraa.  T\u00e4m\u00e4 oli upea esitys ketteryydest\u00e4, tasapainosta, nopeudesta ja taidoista, ja se oli erinomainen p\u00e4\u00e4t\u00f6s kovaa ja vaikuttavaa harjoitusta vaatineelle harjoitusjaksolle.<\/p>\n\n\n\n<h3 class=\"wp-block-heading\">Krav Maga Teneriffa<\/h3>\n\n\n\n<p>Krav Maga Teneriffalla j\u00e4rjestet\u00e4\u00e4n s\u00e4\u00e4nn\u00f6llisesti kursseja ja koulutusseminaareja.  Jos olet kiinnostunut oppimaan uusia taitoja, joita tarvitset ty\u00f6ss\u00e4si, tai vaikka vain parantamaan itseluottamustasi jokap\u00e4iv\u00e4isess\u00e4 el\u00e4m\u00e4ss\u00e4... ota minuun yhteytt\u00e4 nyt.  Meill\u00e4 on jo asiakkaita, jotka kyselev\u00e4t ensi vuoden Krav Maga kes\u00e4seminaarista.  Siksi jos haluat pysy\u00e4 ajan tasalla ota yhteytt\u00e4.<\/p>\n\n\n\n<p>Tarjoamme Krav Maga \/ Kapap kursseja seuraaville tahoille<\/p>\n\n\n\n<p>Siviilit, poliisi- ja turvallisuusjoukot tai sotilasyksik\u00f6t.  Tarkista <a href=\"https:\/\/www.stevecosterfitness.com\/fi\/krav-maga-course\/\">Krav Maga kurssit<\/a><\/p>","protected":false},"excerpt":{"rendered":"<p>On Saturday the 15th June we staged our 2nd annual Krav Maga Summer Seminar. The event took place at T3 in La Caleta which has become the Go To place for winter training for professional teams in all different sports. A large marquee was used for the event and it was a typical warm and [&hellip;]<\/p>\n","protected":false},"author":281,"featured_media":5267,"comment_status":"closed","ping_status":"closed","sticky":false,"template":"","format":"standard","meta":{"_et_pb_use_builder":"","_et_pb_old_content":"","_et_gb_content_width":"","footnotes":""},"categories":[17,6],"tags":[208,31,89,216,215,177,236,32,33,270,41,269,34],"class_list":["post-5489","post","type-post","status-publish","format-standard","has-post-thumbnail","hentry","category-blog","category-krav-kapap","tag-fitness-bootcamp-holiday","tag-kapap","tag-krav-maga","tag-krav-maga-bootcamp","tag-krav-maga-course","tag-krav-maga-courses","tag-krav-maga-holiday","tag-kravmaga","tag-kravmagatenerife","tag-martial-arts","tag-martialarts","tag-self-defence","tag-selfdefence"],"_links":{"self":[{"href":"https:\/\/www.stevecosterfitness.com\/fi\/wp-json\/wp\/v2\/posts\/5489","targetHints":{"allow":["GET"]}}],"collection":[{"href":"https:\/\/www.stevecosterfitness.com\/fi\/wp-json\/wp\/v2\/posts"}],"about":[{"href":"https:\/\/www.stevecosterfitness.com\/fi\/wp-json\/wp\/v2\/types\/post"}],"author":[{"embeddable":true,"href":"https:\/\/www.stevecosterfitness.com\/fi\/wp-json\/wp\/v2\/users\/281"}],"replies":[{"embeddable":true,"href":"https:\/\/www.stevecosterfitness.com\/fi\/wp-json\/wp\/v2\/comments?post=5489"}],"version-history":[{"count":1,"href":"https:\/\/www.stevecosterfitness.com\/fi\/wp-json\/wp\/v2\/posts\/5489\/revisions"}],"predecessor-version":[{"id":8157,"href":"https:\/\/www.stevecosterfitness.com\/fi\/wp-json\/wp\/v2\/posts\/5489\/revisions\/8157"}],"wp:featuredmedia":[{"embeddable":true,"href":"https:\/\/www.stevecosterfitness.com\/fi\/wp-json\/wp\/v2\/media\/5267"}],"wp:attachment":[{"href":"https:\/\/www.stevecosterfitness.com\/fi\/wp-json\/wp\/v2\/media?parent=5489"}],"wp:term":[{"taxonomy":"category","embeddable":true,"href":"https:\/\/www.stevecosterfitness.com\/fi\/wp-json\/wp\/v2\/categories?post=5489"},{"taxonomy":"post_tag","embeddable":true,"href":"https:\/\/www.stevecosterfitness.com\/fi\/wp-json\/wp\/v2\/tags?post=5489"}],"curies":[{"name":"wp","href":"https:\/\/api.w.org\/{rel}","templated":true}]}}